{"id":18684,"date":"2019-07-29T13:41:51","date_gmt":"2019-07-29T11:41:51","guid":{"rendered":"https:\/\/obrasmanchareal.com\/?p=18684"},"modified":"2019-11-04T18:58:49","modified_gmt":"2019-11-04T16:58:49","slug":"reformas-integrales-las-ventajas-de-hacerlas-en-verano","status":"publish","type":"post","link":"https:\/\/obrasmanchareal.com\/?p=18684","title":{"rendered":"Reformas integrales; las ventajas de hacerlas en verano"},"content":{"rendered":"<p>Hacer reformas integrales en<strong> verano es la mejor opci\u00f3n <\/strong>que se puede elegir. Hay por lo menos siete razones por las que es m\u00e1s conveniente hacerlo as\u00ed. Si est\u00e1s pensando en reformar, es importante que prestes mucha atenci\u00f3n a por qu\u00e9 <strong>el periodo estival es el m\u00e1s propicio para reformar<\/strong>.<\/p>\n<h2>Las siete razones por las que hacer reformas integrales en verano<\/h2>\n<p>El verano no solo es el mejor periodo para pasar unos d\u00edas de vacaciones. Como puedes ver en las siguientes siete razones, hacer reformas integrales en verano <strong>siempre es lo m\u00e1s favorable<\/strong>.<\/p>\n<ul>\n<li><strong>Luz natural<\/strong>. La luz artificial no es la mejor para realizar trabajos de reformas integrales. Tan solo con la luz natural se pueden conseguir <strong>los mejores acabados<\/strong> en el enlucido de las paredes, la pintura, el mobiliario\u2026 Adem\u00e1s, <strong>es mucho m\u00e1s econ\u00f3mico <\/strong>ya que no se gasta la misma cantidad de electricidad.<\/li>\n<li><strong>Secado<\/strong>. El secado de los materiales de construcci\u00f3n y decoraci\u00f3n es mucho m\u00e1s r\u00e1pido en verano por lo tanto, los <strong>resultados ser\u00e1n mejores<\/strong> y el <strong>tiempo de terminaci\u00f3n se reducir\u00e1<\/strong> considerablemente, especialmente en reformas integrales de pisos.<\/li>\n<li><strong>Molestias a vecinos<\/strong>. El verano nos gusta a todos, adem\u00e1s se disfruta de <strong>m\u00e1s horas de luz<\/strong>, el sol transmite<strong> alegr\u00eda<\/strong>, las responsabilidades son menos, incluso hay algunos que est\u00e1n de vacaciones. Esto permite hacer obras sin que los vecinos se sientan tan molestos.<\/li>\n<li><strong>Vacaciones<\/strong>. Puedes dedicar <strong>m\u00e1s tiempo<\/strong> a estudiar con detalle el presupuesto de reforma integral, a controlar la obra y solicitar cambios sobre la marcha.<\/li>\n<li><strong>Menos posibilidades de lluvia<\/strong>. La <strong>lluvia y el viento no ser\u00e1n problemas<\/strong> que retrasen las reformas integrales y las obras de fachadas o cubiertas.<\/li>\n<li><strong>Menos trabajo<\/strong>. Cualquier empresa de reformas integrales tiene <strong>menos compromisos en verano, <\/strong>por lo que puede dedicar m\u00e1s tiempo a una sola obra y, por consiguiente, reducir los plazos de entrega.<\/li>\n<li><strong>Disfrutar de la reforma<\/strong>. Es posible que a\u00fan queden d\u00edas de vacaciones para disfrutar del trabajo realizado. Puedes decorar y amueblar sin prisas ni agobios.<\/li>\n<\/ul>\n<p>Es recomendable contactar con <a href=\"https:\/\/obrasmanchareal.com\">Mancha Real Obras<\/a> y solicitar los presupuestos de <strong>proyectos de reformas durante el periodo estival<\/strong>. Nuestro <strong>equipo de profesionales de Ja\u00e9n o Marbella<\/strong> realizan visitas para presupuestar las reformas integrales de pisos, chalets, oficinas, naves\u2026 Ponte en contacto con nosotros y no dejes escapar la mejor \u00e9poca del a\u00f1o.<\/p>\n","protected":false},"excerpt":{"rendered":"<p>Hacer reformas integrales en verano es la mejor opci\u00f3n que se puede elegir. Hay por lo menos siete razones por las que es m\u00e1s conveniente hacerlo as\u00ed. <\/p>\n","protected":false},"author":4,"featured_media":18685,"comment_status":"open","ping_status":"open","sticky":false,"template":"","format":"standard","meta":{"footnotes":""},"categories":[148,104,119],"tags":[138,132,164],"class_list":["post-18684","post","type-post","status-publish","format-standard","has-post-thumbnail","hentry","category-industrial","category-noticias","category-reformas","tag-constructora-jaen","tag-reformas-integrales","tag-rehabilitacion-de-edificios","entry"],"_links":{"self":[{"href":"https:\/\/obrasmanchareal.com\/index.php?rest_route=\/wp\/v2\/posts\/18684","targetHints":{"allow":["GET"]}}],"collection":[{"href":"https:\/\/obrasmanchareal.com\/index.php?rest_route=\/wp\/v2\/posts"}],"about":[{"href":"https:\/\/obrasmanchareal.com\/index.php?rest_route=\/wp\/v2\/types\/post"}],"author":[{"embeddable":true,"href":"https:\/\/obrasmanchareal.com\/index.php?rest_route=\/wp\/v2\/users\/4"}],"replies":[{"embeddable":true,"href":"https:\/\/obrasmanchareal.com\/index.php?rest_route=%2Fwp%2Fv2%2Fcomments&post=18684"}],"version-history":[{"count":2,"href":"https:\/\/obrasmanchareal.com\/index.php?rest_route=\/wp\/v2\/posts\/18684\/revisions"}],"predecessor-version":[{"id":18933,"href":"https:\/\/obrasmanchareal.com\/index.php?rest_route=\/wp\/v2\/posts\/18684\/revisions\/18933"}],"wp:featuredmedia":[{"embeddable":true,"href":"https:\/\/obrasmanchareal.com\/index.php?rest_route=\/wp\/v2\/media\/18685"}],"wp:attachment":[{"href":"https:\/\/obrasmanchareal.com\/index.php?rest_route=%2Fwp%2Fv2%2Fmedia&parent=18684"}],"wp:term":[{"taxonomy":"category","embeddable":true,"href":"https:\/\/obrasmanchareal.com\/index.php?rest_route=%2Fwp%2Fv2%2Fcategories&post=18684"},{"taxonomy":"post_tag","embeddable":true,"href":"https:\/\/obrasmanchareal.com\/index.php?rest_route=%2Fwp%2Fv2%2Ftags&post=18684"}],"curies":[{"name":"wp","href":"https:\/\/api.w.org\/{rel}","templated":true}]}}