{"id":18493,"date":"2018-11-23T13:05:31","date_gmt":"2018-11-23T11:05:31","guid":{"rendered":"https:\/\/obrasmanchareal.com\/?p=18493"},"modified":"2018-11-23T13:16:54","modified_gmt":"2018-11-23T11:16:54","slug":"diario-jaen-convenio-de-colaboracion","status":"publish","type":"post","link":"https:\/\/obrasmanchareal.com\/?p=18493","title":{"rendered":"Diario Ja\u00e9n y Mancha Real Obras rubrican un convenio de colaboraci\u00f3n"},"content":{"rendered":"<p>El compromiso con la provincia y la sociedad jiennense, a trav\u00e9s de iniciativas compartidas, articula el convenio de colaboraci\u00f3n que han firmado Diario Ja\u00e9n y el grupo jiennense Obras Mancha Real, S. L. Lo han rubricado Javier Martos, director general de la constructora, y Juan Espejo, director del peri\u00f3dico, quienes han mostrado sus satisfacci\u00f3n tras aunar esfuerzos. Tambi\u00e9n para implementar acciones que profundicen en la responsabilidad social corporativa de ambas empresas, siempre con la mirada puesta en la sociedad civil y en su din\u00e1mica red de colectivos, entidades y asociaciones de todo tipo. Apoyo, reconocer el trabajo que realizan y abrir nuevas v\u00edas que contribuyan a una mayor vertebraci\u00f3n y desarrollo a trav\u00e9s de iniciativas sociales y culturales, es el objetivo.<\/p>\n<p>Fuente: <a href=\"http:\/\/diariojaen.es\/jaen\/compromiso-empresarial-con-el-desarrollo-jiennense-HE4868898?fbclid=IwAR2i0MB_9B3bpN7sW8DYagtkDh1KG0jP1YTXy-Wye6W9C_NRV7c1ecmHLOQ\" target=\"_blank\" rel=\"noopener\">Compromiso empresarial con el desarrollo jiennense<\/a><\/p>\n","protected":false},"excerpt":{"rendered":"<p>El compromiso con la provincia y la sociedad jiennense, a trav\u00e9s de iniciativas compartidas, articula el convenio de colaboraci\u00f3n que han firmado Diario Ja\u00e9n y el grupo jiennense Obras Mancha Real, S. L. Lo han rubricado Javier Martos, director general de la constructora, y Juan Espejo, director del peri\u00f3dico, quienes han mostrado sus satisfacci\u00f3n tras &hellip; <\/p>\n<p class=\"link-more\"><a href=\"https:\/\/obrasmanchareal.com\/?p=18493\" class=\"more-link\">Continue reading<span class=\"screen-reader-text\"> &#8220;Diario Ja\u00e9n y Mancha Real Obras rubrican un convenio de colaboraci\u00f3n&#8221;<\/span><\/a><\/p>\n","protected":false},"author":4,"featured_media":18494,"comment_status":"open","ping_status":"open","sticky":false,"template":"","format":"standard","meta":{"footnotes":""},"categories":[104],"tags":[144,143,145],"class_list":["post-18493","post","type-post","status-publish","format-standard","has-post-thumbnail","hentry","category-noticias","tag-convenio-colaboracion","tag-diario-jaen","tag-empresa","entry"],"_links":{"self":[{"href":"https:\/\/obrasmanchareal.com\/index.php?rest_route=\/wp\/v2\/posts\/18493","targetHints":{"allow":["GET"]}}],"collection":[{"href":"https:\/\/obrasmanchareal.com\/index.php?rest_route=\/wp\/v2\/posts"}],"about":[{"href":"https:\/\/obrasmanchareal.com\/index.php?rest_route=\/wp\/v2\/types\/post"}],"author":[{"embeddable":true,"href":"https:\/\/obrasmanchareal.com\/index.php?rest_route=\/wp\/v2\/users\/4"}],"replies":[{"embeddable":true,"href":"https:\/\/obrasmanchareal.com\/index.php?rest_route=%2Fwp%2Fv2%2Fcomments&post=18493"}],"version-history":[{"count":3,"href":"https:\/\/obrasmanchareal.com\/index.php?rest_route=\/wp\/v2\/posts\/18493\/revisions"}],"predecessor-version":[{"id":18498,"href":"https:\/\/obrasmanchareal.com\/index.php?rest_route=\/wp\/v2\/posts\/18493\/revisions\/18498"}],"wp:featuredmedia":[{"embeddable":true,"href":"https:\/\/obrasmanchareal.com\/index.php?rest_route=\/wp\/v2\/media\/18494"}],"wp:attachment":[{"href":"https:\/\/obrasmanchareal.com\/index.php?rest_route=%2Fwp%2Fv2%2Fmedia&parent=18493"}],"wp:term":[{"taxonomy":"category","embeddable":true,"href":"https:\/\/obrasmanchareal.com\/index.php?rest_route=%2Fwp%2Fv2%2Fcategories&post=18493"},{"taxonomy":"post_tag","embeddable":true,"href":"https:\/\/obrasmanchareal.com\/index.php?rest_route=%2Fwp%2Fv2%2Ftags&post=18493"}],"curies":[{"name":"wp","href":"https:\/\/api.w.org\/{rel}","templated":true}]}}