{"id":18381,"date":"2018-09-12T12:38:54","date_gmt":"2018-09-12T10:38:54","guid":{"rendered":"https:\/\/obrasmanchareal.com\/?p=18381"},"modified":"2018-09-12T12:59:46","modified_gmt":"2018-09-12T10:59:46","slug":"parador-de-jaen-reforma-de-cocina","status":"publish","type":"post","link":"https:\/\/obrasmanchareal.com\/?p=18381","title":{"rendered":"Parador de Ja\u00e9n: proyecto de ejecuci\u00f3n de la reforma de cocina"},"content":{"rendered":"<p><em>Este proyecto se cumple como fase previa a la totalidad de la actuaci\u00f3n, debido a\u00a0necesidades urgentes por motivos sanitarios del Parador de Ja\u00e9n.<\/em><\/p>\n<p>El Parador de Ja\u00e9n, atractivo nacional de turismo, ubicado en la cumbre del Cerro de\u00a0Santa Catalina, es una figura emblem\u00e1tica dispuesta para descubrir todo el encanto\u00a0del Renacimiento andaluz. El aspecto monumental de su interior se mantiene en los\u00a0impresionantes arcos cruzados a 20 metros de altura en el sal\u00f3n principal, el comedor\u00a0y las habitaciones con impresionantes panor\u00e1micas de la ciudad.<\/p>\n<p>Mancha Real Obras, es la constructora en Ja\u00e9n, a cargo del proyecto de <a href=\"https:\/\/obrasmanchareal.com\/reformas-y-diseno-de-interiores\/\" target=\"_blank\" rel=\"noopener\">reforma<\/a> de\u00a0cocina de este tan importante <a href=\"http:\/\/www.parador.es\/es\/paradores\/parador-de-jaen\">parador<\/a> de turismo. Nuestra actuaci\u00f3n, como empresa\u00a0constructora en Ja\u00e9n, consiste en realizar las obras necesarias para cumplir la\u00a0Reglamentaci\u00f3n Sanitaria de los Comedores Colectivos en relaci\u00f3n al T\u00edtulo II\u00a0\u201cCondiciones de los locales e instalaciones, materiales y utillaje\u201d en lo concerniente a la\u00a0parte constructiva.<\/p>\n<p><strong>Descripci\u00f3n del proyecto de reforma para el Parador de Ja\u00e9n<\/strong><\/p>\n<p>La intervenci\u00f3n total en la cocina del Parador de Ja\u00e9n, se hace necesaria debido a los\u00a0paramentos desiguales, instalaciones vistas, elementos dif\u00edcilmente limpiables y\u00a0acumuladores de polvo suciedad, as\u00ed como por la antig\u00fcedad de las instalaciones.\u00a0El objetivo de esta reforma que realizar\u00e1 Mancha Real Obras, es dotar, a la cocina del\u00a0Parador de Ja\u00e9n, de unas condiciones higi\u00e9nico-sanitarias \u00f3ptimas para su utilizaci\u00f3n.<\/p>\n<p>Para ello se proceder\u00e1 a la sustituci\u00f3n de suelos, paredes y techos, a la distribuci\u00f3n de\u00a0algunos espacios para evitar la connivencia de zonas \u201climpias\u201d con \u201csucias\u201d, la\u00a0renovaci\u00f3n de las instalaciones y compartimentaci\u00f3n para el cumplimiento de las\u00a0exigencias en seguridad contra incendios.<\/p>\n<p>El inicio de los trabajos de construcci\u00f3n en el Parador de Ja\u00e9n, est\u00e1 previsto para\u00a0pr\u00f3ximo 1 de octubre de 2018.<\/p>\n<p>\u00bfEst\u00e1s interesado en contactar con nosotros? Haz click <a href=\"https:\/\/obrasmanchareal.com\/contacto\/\" target=\"_blank\" rel=\"noopener\">aqu\u00ed<\/a>.<\/p>\n","protected":false},"excerpt":{"rendered":"<p>Este proyecto se cumple como fase previa a la totalidad de la actuaci\u00f3n, debido a\u00a0necesidades urgentes por motivos sanitarios del Parador de Ja\u00e9n. El Parador de Ja\u00e9n, atractivo nacional de turismo, ubicado en la cumbre del Cerro de\u00a0Santa Catalina, es una figura emblem\u00e1tica dispuesta para descubrir todo el encanto\u00a0del Renacimiento andaluz. El aspecto monumental de &hellip; <\/p>\n<p class=\"link-more\"><a href=\"https:\/\/obrasmanchareal.com\/?p=18381\" class=\"more-link\">Continue reading<span class=\"screen-reader-text\"> &#8220;Parador de Ja\u00e9n: proyecto de ejecuci\u00f3n de la reforma de cocina&#8221;<\/span><\/a><\/p>\n","protected":false},"author":4,"featured_media":18382,"comment_status":"open","ping_status":"open","sticky":false,"template":"","format":"standard","meta":{"footnotes":""},"categories":[104,120],"tags":[123,122,121],"class_list":["post-18381","post","type-post","status-publish","format-standard","has-post-thumbnail","hentry","category-noticias","category-proyectos","tag-parador-de-jaen","tag-proyectos","tag-reformas","entry"],"_links":{"self":[{"href":"https:\/\/obrasmanchareal.com\/index.php?rest_route=\/wp\/v2\/posts\/18381","targetHints":{"allow":["GET"]}}],"collection":[{"href":"https:\/\/obrasmanchareal.com\/index.php?rest_route=\/wp\/v2\/posts"}],"about":[{"href":"https:\/\/obrasmanchareal.com\/index.php?rest_route=\/wp\/v2\/types\/post"}],"author":[{"embeddable":true,"href":"https:\/\/obrasmanchareal.com\/index.php?rest_route=\/wp\/v2\/users\/4"}],"replies":[{"embeddable":true,"href":"https:\/\/obrasmanchareal.com\/index.php?rest_route=%2Fwp%2Fv2%2Fcomments&post=18381"}],"version-history":[{"count":5,"href":"https:\/\/obrasmanchareal.com\/index.php?rest_route=\/wp\/v2\/posts\/18381\/revisions"}],"predecessor-version":[{"id":18388,"href":"https:\/\/obrasmanchareal.com\/index.php?rest_route=\/wp\/v2\/posts\/18381\/revisions\/18388"}],"wp:featuredmedia":[{"embeddable":true,"href":"https:\/\/obrasmanchareal.com\/index.php?rest_route=\/wp\/v2\/media\/18382"}],"wp:attachment":[{"href":"https:\/\/obrasmanchareal.com\/index.php?rest_route=%2Fwp%2Fv2%2Fmedia&parent=18381"}],"wp:term":[{"taxonomy":"category","embeddable":true,"href":"https:\/\/obrasmanchareal.com\/index.php?rest_route=%2Fwp%2Fv2%2Fcategories&post=18381"},{"taxonomy":"post_tag","embeddable":true,"href":"https:\/\/obrasmanchareal.com\/index.php?rest_route=%2Fwp%2Fv2%2Ftags&post=18381"}],"curies":[{"name":"wp","href":"https:\/\/api.w.org\/{rel}","templated":true}]}}