{"id":17833,"date":"2018-05-22T10:00:19","date_gmt":"2018-05-22T09:00:19","guid":{"rendered":"https:\/\/obrasmanchareal.com\/?p=17833"},"modified":"2018-05-23T09:59:28","modified_gmt":"2018-05-23T08:59:28","slug":"villa-chalet-la-mairena","status":"publish","type":"post","link":"https:\/\/obrasmanchareal.com\/?p=17833","title":{"rendered":"Villa \/ Chalet \u2013 La Mairena"},"content":{"rendered":"<p>Vivienda unifamiliar aislada de 690 m2 construidos y 3035 m2 en zona de residencial. El terreno se encontraba con un desnivel de 25 mts, puesto que est\u00e1 situado en la zona alta de la urbanizaci\u00f3n denominada \u201cLa Mairena \u201cen Marbella, dando esto lugar a un volumen de rellenos mediante aportaci\u00f3n de tierras con suelo seleccionado y previo ensayo de este, para un posterior compactado y ejecuci\u00f3n de cimentaci\u00f3n total mediante pilotes de 16 ml y losa flotante sobre estos.<\/p>\n<p>Dicha vivienda se caracteriza por la tipolog\u00eda de estructura y volumen limpio y aristado generado un prisma rectangular en dos niveles, con una envolvente perimetral del edificio mediante composite que otorga de entidad a toda la edificaci\u00f3n.<\/p>\n<p>Desde un punto de vista de terminaci\u00f3n y calidades el cliente eligi\u00f3 materiales de alta calidad para cada unidad de terminaci\u00f3n, como son los micro cementos en paramentos y suelos de manera generalizada y suelos de tarima maciza de Ipe en los exteriores. Toda la vivienda est\u00e1 dotada de sistemas de climatizaci\u00f3n, suelo radiante y cumple con las normativas para una optimizaci\u00f3n desde el punto de vista ahorro energ\u00e9tico, mediante sistemas eficientes y de dom\u00f3tica en cada una de las estancias.<\/p>\n<p>Los autores de dicho proyecto son Jes\u00fas Estepa Rubio, Daniel S\u00e1nchez Mesa y Jos\u00e9 Alberto Orero Vi garay dicha terna pertenecientes al Estudio ER.<\/p>\n","protected":false},"excerpt":{"rendered":"<p>Vivienda unifamiliar aislada de 690 m2 construidos y 3035 m2 en zona de residencial. El terreno se encontraba con un desnivel de 25 mts, puesto que est\u00e1 situado en la zona alta de la urbanizaci\u00f3n denominada \u201cLa Mairena \u201cen Marbella, dando esto lugar a un volumen de rellenos mediante aportaci\u00f3n de tierras con suelo seleccionado &hellip; <\/p>\n<p class=\"link-more\"><a href=\"https:\/\/obrasmanchareal.com\/?p=17833\" class=\"more-link\">Continue reading<span class=\"screen-reader-text\"> &#8220;Villa \/ Chalet \u2013 La Mairena&#8221;<\/span><\/a><\/p>\n","protected":false},"author":4,"featured_media":17492,"comment_status":"open","ping_status":"open","sticky":false,"template":"","format":"standard","meta":{"footnotes":""},"categories":[104],"tags":[],"class_list":["post-17833","post","type-post","status-publish","format-standard","has-post-thumbnail","hentry","category-noticias","entry"],"_links":{"self":[{"href":"https:\/\/obrasmanchareal.com\/index.php?rest_route=\/wp\/v2\/posts\/17833","targetHints":{"allow":["GET"]}}],"collection":[{"href":"https:\/\/obrasmanchareal.com\/index.php?rest_route=\/wp\/v2\/posts"}],"about":[{"href":"https:\/\/obrasmanchareal.com\/index.php?rest_route=\/wp\/v2\/types\/post"}],"author":[{"embeddable":true,"href":"https:\/\/obrasmanchareal.com\/index.php?rest_route=\/wp\/v2\/users\/4"}],"replies":[{"embeddable":true,"href":"https:\/\/obrasmanchareal.com\/index.php?rest_route=%2Fwp%2Fv2%2Fcomments&post=17833"}],"version-history":[{"count":6,"href":"https:\/\/obrasmanchareal.com\/index.php?rest_route=\/wp\/v2\/posts\/17833\/revisions"}],"predecessor-version":[{"id":17861,"href":"https:\/\/obrasmanchareal.com\/index.php?rest_route=\/wp\/v2\/posts\/17833\/revisions\/17861"}],"wp:featuredmedia":[{"embeddable":true,"href":"https:\/\/obrasmanchareal.com\/index.php?rest_route=\/wp\/v2\/media\/17492"}],"wp:attachment":[{"href":"https:\/\/obrasmanchareal.com\/index.php?rest_route=%2Fwp%2Fv2%2Fmedia&parent=17833"}],"wp:term":[{"taxonomy":"category","embeddable":true,"href":"https:\/\/obrasmanchareal.com\/index.php?rest_route=%2Fwp%2Fv2%2Fcategories&post=17833"},{"taxonomy":"post_tag","embeddable":true,"href":"https:\/\/obrasmanchareal.com\/index.php?rest_route=%2Fwp%2Fv2%2Ftags&post=17833"}],"curies":[{"name":"wp","href":"https:\/\/api.w.org\/{rel}","templated":true}]}}